{"id":402,"date":"2022-08-21T10:51:00","date_gmt":"2022-08-21T08:51:00","guid":{"rendered":"https:\/\/sibule.com\/index.php\/2022\/08\/21\/research-and-strategy-are-vital-for-the-market\/"},"modified":"2023-12-04T15:09:36","modified_gmt":"2023-12-04T14:09:36","slug":"research-and-strategy-are-vital-for-the-market","status":"publish","type":"post","link":"https:\/\/sibule.com\/index.php\/2022\/08\/21\/research-and-strategy-are-vital-for-the-market\/","title":{"rendered":"Reducci\u00f3n del 10% del personal en el sector p\u00fablico"},"content":{"rendered":"\t\t<div data-elementor-type=\"wp-post\" data-elementor-id=\"402\" class=\"elementor elementor-402\" data-elementor-post-type=\"post\">\n\t\t\t\t\t\t\t\t\t<section class=\"elementor-section elementor-top-section elementor-element elementor-element-5ba921df elementor-section-boxed elementor-section-height-default elementor-section-height-default\" data-id=\"5ba921df\" data-element_type=\"section\">\n\t\t\t\t\t\t<div class=\"elementor-container elementor-column-gap-default\">\n\t\t\t\t\t<div class=\"aux-parallax-section elementor-column elementor-col-100 elementor-top-column elementor-element elementor-element-48002f47\" data-id=\"48002f47\" data-element_type=\"column\">\n\t\t\t<div class=\"elementor-widget-wrap elementor-element-populated\">\n\t\t\t\t\t\t\t\t<div class=\"elementor-element elementor-element-5e8195c3 elementor-widget elementor-widget-text-editor\" data-id=\"5e8195c3\" data-element_type=\"widget\" data-widget_type=\"text-editor.default\">\n\t\t\t\t<div class=\"elementor-widget-container\">\n\t\t\t<style>\/*! elementor - v3.17.0 - 08-11-2023 *\/\n.elementor-widget-text-editor.elementor-drop-cap-view-stacked .elementor-drop-cap{background-color:#69727d;color:#fff}.elementor-widget-text-editor.elementor-drop-cap-view-framed .elementor-drop-cap{color:#69727d;border:3px solid;background-color:transparent}.elementor-widget-text-editor:not(.elementor-drop-cap-view-default) .elementor-drop-cap{margin-top:8px}.elementor-widget-text-editor:not(.elementor-drop-cap-view-default) .elementor-drop-cap-letter{width:1em;height:1em}.elementor-widget-text-editor .elementor-drop-cap{float:left;text-align:center;line-height:1;font-size:50px}.elementor-widget-text-editor .elementor-drop-cap-letter{display:inline-block}<\/style>\t\t\t\t<p id=\"viewer-foo\" class=\"xVISr Y9Dpf bCMSCT OZy-3 _40ACk Ecq9kg bCMSCT public-DraftStyleDefault-block-depth0 fixed-tab-size public-DraftStyleDefault-text-ltr\"><span class=\"B2EFF public-DraftStyleDefault-ltr\">El 06 de febrero del 2019, la Empresa Coordinadora de Empresas P\u00fablicas dispuso la reducci\u00f3n del 10% del personal en el sector p\u00fablico, esto en cumplimiento con el Decreto efectuado por parte del Ejecutivo, en el mismo que, en aplicaci\u00f3n de las Normas de Optimizaci\u00f3n y Austeridad del Gasto P\u00fablico se ha ejecutado varias formas de aplicaci\u00f3n. Tal hecho, ha generado varias opiniones y criterios por parte de la ciudadan\u00eda, ya que se ha especulado sobre la posible transgresi\u00f3n a derechos de los funcionarios afectados. <\/span><\/p>\n<p id=\"viewer-9ho1\" class=\"xVISr Y9Dpf bCMSCT OZy-3 _40ACk Ecq9kg bCMSCT public-DraftStyleDefault-block-depth0 fixed-tab-size public-DraftStyleDefault-text-ltr\"><span class=\"B2EFF public-DraftStyleDefault-ltr\">Al hacer un recuento en la historia pol\u00edtica de nuestro pa\u00eds, podemos rememorar que en los gobiernos de d\u00e9cadas atr\u00e1s ya se dio paso a la aplicaci\u00f3n de la Modernizaci\u00f3n del Estado que iba de la mano con el apoyo por parte del gobierno al sector privado, tal hecho se mantuvo hasta el anterior Gobierno, el mismo que de forma errada, aplic\u00f3 el principio de que el crecimiento era econ\u00f3mico y lo deb\u00eda mantener el sector p\u00fablico y no el privado, pues se cre\u00eda que este era el medio para generar fuentes y recursos al pa\u00eds, lo que conllevo la creaci\u00f3n de partidas, departamentos, ministerios y cargos en el sector p\u00fablico con el fin de dar cumplimiento a la ideolog\u00eda pol\u00edtica del gobernante, consecuentemente la deuda creci\u00f3 y el pa\u00eds se vio enfrascado en una crisis econ\u00f3mica exuberante.<\/span><\/p>\n<p id=\"viewer-a6mdt\" class=\"xVISr Y9Dpf bCMSCT OZy-3 _40ACk Ecq9kg bCMSCT public-DraftStyleDefault-block-depth0 fixed-tab-size public-DraftStyleDefault-text-ltr\"><span class=\"B2EFF public-DraftStyleDefault-ltr\">Las Normas de Optimizaci\u00f3n y Austeridad del Gasto P\u00fablico, creadas en este gobierno como decreto directo del ejecutivo no son m\u00e1s que medidas emergentes que el presidente est\u00e1 en competencia de emitir, puesto que es necesario que se depuren aquellos servidores que no est\u00e1n dando cumplimiento a cabalidad con las funciones que deben ejercer, tambi\u00e9n es importante eliminar aquellos cargos que han sido creados sin necesidad expl\u00edcita y que lo \u00fanico que han generado, es un estancamiento procesal, pues producen dilataci\u00f3n en el ejercicio de las potestades y servicios brindados por el sector p\u00fablico. La reducci\u00f3n de la n\u00f3mina de trabajadores es una de las formas de reducir el gasto p\u00fablico, otras empresas p\u00fablicas por cuestiones operativas han optado por la reducci\u00f3n en sueldos a los administradores, quienes manten\u00edan sueldos exorbitantes que no se ve\u00eda justificaci\u00f3n alguna para que tal valor sea sustentado por el Estado.<\/span><\/p>\n<p id=\"viewer-bpq6g\" class=\"xVISr Y9Dpf bCMSCT OZy-3 _40ACk Ecq9kg bCMSCT public-DraftStyleDefault-block-depth0 fixed-tab-size public-DraftStyleDefault-text-ltr\"><span class=\"B2EFF public-DraftStyleDefault-ltr\">La austeridad seg\u00fan Guillermo Cabanellas est\u00e1 definida como el \u201cEstricto R\u00e9gimen de econom\u00eda en la Administraci\u00f3n P\u00fablica\u00bb. Es momento que los ecuatorianos entendamos que las medidas que son tomadas por la administraci\u00f3n tienen el \u00fanico fin de precautelar y mejorar la situaci\u00f3n econ\u00f3mica del pa\u00eds, es momento de tomar decisiones de forma urgente, y es as\u00ed como est\u00e1 actuando el gobierno, independientemente de los resultados, es necesario tomar medidas que permitan sacar a flote nuestra econom\u00eda; esperemos que, las medidas tomadas, sean elocuentes y alcance los objetivos planteados en el menor tiempo posible.<\/span><\/p>\t\t\t\t\t\t<\/div>\n\t\t\t\t<\/div>\n\t\t\t\t\t<\/div>\n\t\t<\/div>\n\t\t\t\t\t\t\t<\/div>\n\t\t<\/section>\n\t\t\t\t\t\t\t<\/div>\n\t\t","protected":false},"excerpt":{"rendered":"<p>El 06 de febrero del 2019, la Empresa Coordinadora de Empresas P\u00fablicas dispuso la reducci\u00f3n del 10% del personal en el sector p\u00fablico, esto en cumplimiento con el Decreto efectuado por parte del Ejecutivo, en el mismo que, en aplicaci\u00f3n de las Normas de Optimizaci\u00f3n y Austeridad del Gasto P\u00fablico se ha ejecutado varias formas [&hellip;]<\/p>\n","protected":false},"author":1,"featured_media":691,"comment_status":"closed","ping_status":"closed","sticky":false,"template":"","format":"standard","meta":{"footnotes":""},"categories":[1,7],"tags":[17],"class_list":["post-402","post","type-post","status-publish","format-standard","has-post-thumbnail","hentry","category-blog","category-uncategorized","tag-blog"],"_links":{"self":[{"href":"https:\/\/sibule.com\/index.php\/wp-json\/wp\/v2\/posts\/402","targetHints":{"allow":["GET"]}}],"collection":[{"href":"https:\/\/sibule.com\/index.php\/wp-json\/wp\/v2\/posts"}],"about":[{"href":"https:\/\/sibule.com\/index.php\/wp-json\/wp\/v2\/types\/post"}],"author":[{"embeddable":true,"href":"https:\/\/sibule.com\/index.php\/wp-json\/wp\/v2\/users\/1"}],"replies":[{"embeddable":true,"href":"https:\/\/sibule.com\/index.php\/wp-json\/wp\/v2\/comments?post=402"}],"version-history":[{"count":5,"href":"https:\/\/sibule.com\/index.php\/wp-json\/wp\/v2\/posts\/402\/revisions"}],"predecessor-version":[{"id":689,"href":"https:\/\/sibule.com\/index.php\/wp-json\/wp\/v2\/posts\/402\/revisions\/689"}],"wp:featuredmedia":[{"embeddable":true,"href":"https:\/\/sibule.com\/index.php\/wp-json\/wp\/v2\/media\/691"}],"wp:attachment":[{"href":"https:\/\/sibule.com\/index.php\/wp-json\/wp\/v2\/media?parent=402"}],"wp:term":[{"taxonomy":"category","embeddable":true,"href":"https:\/\/sibule.com\/index.php\/wp-json\/wp\/v2\/categories?post=402"},{"taxonomy":"post_tag","embeddable":true,"href":"https:\/\/sibule.com\/index.php\/wp-json\/wp\/v2\/tags?post=402"}],"curies":[{"name":"wp","href":"https:\/\/api.w.org\/{rel}","templated":true}]}}